{"id":119670,"date":"2026-05-03T10:27:37","date_gmt":"2026-05-03T14:27:37","guid":{"rendered":"https:\/\/www.businessupturn.com\/usa\/?p=119670"},"modified":"2026-05-03T10:27:37","modified_gmt":"2026-05-03T14:27:37","slug":"saga-of-tanya-the-evil-season-2-release-date-speculation-cast-and-plot-details-everything-we-know-so-far","status":"publish","type":"post","link":"https:\/\/www.businessupturn.com\/usa\/saga-of-tanya-the-evil-season-2-release-date-speculation-cast-and-plot-details-everything-we-know-so-far\/119670\/","title":{"rendered":"Saga of Tanya the Evil Season 2: Release date speculation, cast and plot details \u2013 Everything we know so far"},"content":{"rendered":"<p dir=\"auto\"><strong>Season 2 of <em>Saga of Tanya the Evil<\/em> (Youjo Senki II) is officially scheduled to premiere in July 2026 (Summer 2026 anime season).<\/strong><\/p>\n<p dir=\"auto\">It was first announced in June 2021 (with a teaser), followed by a more substantial teaser in November 2025 and a full promotional video plus key visual at AnimeJapan 2026 on March 28, 2026. This marks nearly a decade since Season 1 aired in 2017.<\/p>\n<h3 dir=\"auto\">Studio and Staff<\/h3>\n<ul dir=\"auto\">\n<li><strong>Studio<\/strong>: NUT (returning from Season 1 and the movie).<\/li>\n<li><strong>Director<\/strong>: Takayuki Yamamoto (replacing Yutaka Uemura).<\/li>\n<li><strong>Series Composition\/Script<\/strong>: Kenta Ihara (returning).<\/li>\n<li><strong>Character Design\/Chief Animation Director<\/strong>: Yuji Hosogoe (returning).<\/li>\n<\/ul>\n<h2 dir=\"auto\">Saga of Tanya the Evil Season 2: Cast<\/h2>\n<p dir=\"auto\"><strong>Returning main cast<\/strong> (core roles confirmed):<\/p>\n<ul dir=\"auto\">\n<li><strong>Aoi Y\u016bki<\/strong> as Tanya Degurechaff<\/li>\n<li><strong>Saori Hayami<\/strong> as Viktoriya Ivanovna Serebryakova (Visha)<\/li>\n<li><strong>Shinichir\u014d Miki<\/strong> as Erich von Lergen (Rerugen)<\/li>\n<li><strong>Tessh\u014d Genda<\/strong> as Kurt von Rudersdorf<\/li>\n<li><strong>H\u014dch\u016b \u014ctsuka<\/strong> as Hans von Zettour<\/li>\n<\/ul>\n<p dir=\"auto\"><strong>New additions<\/strong> (announced March 2026; romanizations may vary):<\/p>\n<ul dir=\"auto\">\n<li><strong>Tomokazu Sugita<\/strong> as Mikel<\/li>\n<li><strong>Y\u014dko Hikasa<\/strong> as Lilya<\/li>\n<\/ul>\n<p dir=\"auto\">Other supporting cast from Season 1 (e.g., members of the 203rd Battalion like Weiss, Grantz, etc.) are expected to return as well.<\/p>\n<h2 dir=\"auto\">Saga of Tanya the Evil Season 2: Plot Details<\/h2>\n<p>Carlo Zen\u2019s light novels, featuring Tanya\u2019s tumultuous ascent to military attainment during and contemporaneously with WWI via fantasy\/the supernatural, are the basis for an \u2018isekai\u2019 military fantasy anime series The Place Where There Is No War: A Serialized Interlude, Season 2 will chronicle her exploits continuing on the \u2018Eastern Front\u2019 and elsewhere, battling the Union and continuing her philosophical quarrel with \u2018Being X\u2019. An announcement regarding the series can be found on the official production website and through the @YoujoSenki official Twitter account.<\/p>\n<p>There was an extended production hiatus for various reasons before recent news (including trailers) revealed that developments in this situation are ongoing.<\/p>\n<p>Schooling on a comparable basis, i.e., simulcast through streaming services such as Crunchyroll (season 1).<\/p>\n<p>This is the sole item currently confirmed (as of May 2026); other details will follow (e.g., premiere date(s), episode count, open\/closed captions, complete cast).<\/p>\n","protected":false},"excerpt":{"rendered":"<p>Season 2 of Saga of Tanya the Evil (Youjo Senki II) is officially scheduled to premiere in July 2026 (Summer\u2026<\/p>\n","protected":false},"author":395,"featured_media":119671,"comment_status":"open","ping_status":"open","sticky":false,"template":"","format":"standard","meta":{"footnotes":""},"categories":[71],"tags":[36277],"class_list":["post-119670","post","type-post","status-publish","format-standard","has-post-thumbnail","hentry","category-ott","tag-saga-of-tanya-the-evil-season-2"],"reading_time":"2 min read","_links":{"self":[{"href":"https:\/\/www.businessupturn.com\/usa\/wp-json\/wp\/v2\/posts\/119670","targetHints":{"allow":["GET"]}}],"collection":[{"href":"https:\/\/www.businessupturn.com\/usa\/wp-json\/wp\/v2\/posts"}],"about":[{"href":"https:\/\/www.businessupturn.com\/usa\/wp-json\/wp\/v2\/types\/post"}],"author":[{"embeddable":true,"href":"https:\/\/www.businessupturn.com\/usa\/wp-json\/wp\/v2\/users\/395"}],"replies":[{"embeddable":true,"href":"https:\/\/www.businessupturn.com\/usa\/wp-json\/wp\/v2\/comments?post=119670"}],"version-history":[{"count":1,"href":"https:\/\/www.businessupturn.com\/usa\/wp-json\/wp\/v2\/posts\/119670\/revisions"}],"predecessor-version":[{"id":119672,"href":"https:\/\/www.businessupturn.com\/usa\/wp-json\/wp\/v2\/posts\/119670\/revisions\/119672"}],"wp:featuredmedia":[{"embeddable":true,"href":"https:\/\/www.businessupturn.com\/usa\/wp-json\/wp\/v2\/media\/119671"}],"wp:attachment":[{"href":"https:\/\/www.businessupturn.com\/usa\/wp-json\/wp\/v2\/media?parent=119670"}],"wp:term":[{"taxonomy":"category","embeddable":true,"href":"https:\/\/www.businessupturn.com\/usa\/wp-json\/wp\/v2\/categories?post=119670"},{"taxonomy":"post_tag","embeddable":true,"href":"https:\/\/www.businessupturn.com\/usa\/wp-json\/wp\/v2\/tags?post=119670"}],"curies":[{"name":"wp","href":"https:\/\/api.w.org\/{rel}","templated":true}]}}