{"id":49795,"date":"2026-04-22T18:35:55","date_gmt":"2026-04-22T13:05:55","guid":{"rendered":"https:\/\/www.businessupturn.com\/sports\/?p=49795"},"modified":"2026-04-22T18:44:13","modified_gmt":"2026-04-22T13:14:13","slug":"is-jose-mourinho-returning-to-real-madrid-kylian-mbappes-instagram-activity-sparks-speculation","status":"publish","type":"post","link":"https:\/\/www.businessupturn.com\/sports\/football\/is-jose-mourinho-returning-to-real-madrid-kylian-mbappes-instagram-activity-sparks-speculation\/","title":{"rendered":"Is Jos\u00e9 Mourinho returning to Real Madrid? Kylian Mbapp\u00e9\u2019s Instagram activity sparks speculation"},"content":{"rendered":"<p>The football world is in a frenzy following a social media \u201clike\u201d from Kylian Mbapp\u00e9 that has reignited one of the most persistent rumors in sports: the return of Jos\u00e9 Mourinho to Real Madrid.<\/p>\n<p>The speculation began when fans spotted Mbapp\u00e9 <b>liking<\/b> a nostalgic yet suggestive Instagram post. The graphic featured a side-by-side comparison of the 2012 \u201cSpecial One\u201d era featuring Cristiano Ronaldo and Mesut \u00d6zil next to a projected 2026 lineup starring Mbapp\u00e9 himself and Arda G\u00fcler, with Mourinho at the helm. In the modern era of \u201cplayer power,\u201d such activity is rarely seen as an accident.<\/p>\n<blockquote class=\"twitter-tweet\" data-width=\"550\" data-dnt=\"true\">\n<p lang=\"en\" dir=\"ltr\">\ud83d\udea8 \ud835\udde1\ud835\uddd8\ud835\uddea: Kylian Mbapp\u00e9 has liked a post on Instagram linking Jose Mourinho to Real Madrid <a href=\"https:\/\/t.co\/8Rhj5xOJsf\">pic.twitter.com\/8Rhj5xOJsf<\/a><\/p>\n<p>\u2014 The Touchline | \ud835\udc13 (@TouchlineX) <a href=\"https:\/\/twitter.com\/TouchlineX\/status\/2046928340343271648?ref_src=twsrc%5Etfw\">April 22, 2026<\/a><\/p><\/blockquote>\n<p><script async src=\"https:\/\/platform.twitter.com\/widgets.js\" charset=\"utf-8\"><\/script><\/p>\n<h3>Why Now? Real Madrid\u2019s Managerial Crossroads<\/h3>\n<p>Real Madrid is currently navigating a turbulent 2025-26 campaign. Following a disappointing Champions League exit at the hands of Bayern Munich and a widening gap behind Barcelona in La Liga, pressure has mounted on current management. While Alvaro Arbeloa recently stepped in to stabilize the ship, the hierarchy at the Bernab\u00e9u is reportedly seeking a heavyweight to restore discipline.<\/p>\n<h3>The Mourinho Factor<\/h3>\n<p>Mourinho, currently managing Benfica, has seen his name linked to the Spanish capital with increasing frequency. Despite Benfica president Rui Costa\u2019s public insistence that Mourinho will stay through 2027, the allure of the \u201cSecond Coming\u201d at the Bernab\u00e9u remains a powerful narrative.<\/p>\n<p>For Mbapp\u00e9, who joined Madrid to secure a legacy of silverware, a tactician like Mourinho known for his defensive steel and winning pedigree might be exactly what the superstar craves to turn Madrid\u2019s fortunes around in 2026.<\/p>\n","protected":false},"excerpt":{"rendered":"<p>The football world is in a frenzy following a social media \u201clike\u201d from Kylian Mbapp\u00e9 that has reignited one of\u2026<\/p>\n","protected":false},"author":502,"featured_media":49796,"comment_status":"open","ping_status":"open","sticky":false,"template":"","format":"standard","meta":{"footnotes":""},"categories":[5],"tags":[1163,449,4057],"class_list":["post-49795","post","type-post","status-publish","format-standard","has-post-thumbnail","hentry","category-football","tag-jose-mourinho","tag-kylian-mbappe","tag-top-stories"],"reading_time":"2 min read","_links":{"self":[{"href":"https:\/\/www.businessupturn.com\/sports\/wp-json\/wp\/v2\/posts\/49795","targetHints":{"allow":["GET"]}}],"collection":[{"href":"https:\/\/www.businessupturn.com\/sports\/wp-json\/wp\/v2\/posts"}],"about":[{"href":"https:\/\/www.businessupturn.com\/sports\/wp-json\/wp\/v2\/types\/post"}],"author":[{"embeddable":true,"href":"https:\/\/www.businessupturn.com\/sports\/wp-json\/wp\/v2\/users\/502"}],"replies":[{"embeddable":true,"href":"https:\/\/www.businessupturn.com\/sports\/wp-json\/wp\/v2\/comments?post=49795"}],"version-history":[{"count":2,"href":"https:\/\/www.businessupturn.com\/sports\/wp-json\/wp\/v2\/posts\/49795\/revisions"}],"predecessor-version":[{"id":49799,"href":"https:\/\/www.businessupturn.com\/sports\/wp-json\/wp\/v2\/posts\/49795\/revisions\/49799"}],"wp:featuredmedia":[{"embeddable":true,"href":"https:\/\/www.businessupturn.com\/sports\/wp-json\/wp\/v2\/media\/49796"}],"wp:attachment":[{"href":"https:\/\/www.businessupturn.com\/sports\/wp-json\/wp\/v2\/media?parent=49795"}],"wp:term":[{"taxonomy":"category","embeddable":true,"href":"https:\/\/www.businessupturn.com\/sports\/wp-json\/wp\/v2\/categories?post=49795"},{"taxonomy":"post_tag","embeddable":true,"href":"https:\/\/www.businessupturn.com\/sports\/wp-json\/wp\/v2\/tags?post=49795"}],"curies":[{"name":"wp","href":"https:\/\/api.w.org\/{rel}","templated":true}]}}