{"id":47770,"date":"2026-04-08T18:55:36","date_gmt":"2026-04-08T13:25:36","guid":{"rendered":"https:\/\/www.businessupturn.com\/sports\/?p=47770"},"modified":"2026-04-08T18:56:10","modified_gmt":"2026-04-08T13:26:10","slug":"i-didnt-even-tackle-tchouameni-reacts-as-suspension-hits-real-madrid-hard","status":"publish","type":"post","link":"https:\/\/www.businessupturn.com\/sports\/football\/champions-league\/i-didnt-even-tackle-tchouameni-reacts-as-suspension-hits-real-madrid-hard\/","title":{"rendered":"\u201cI didn\u2019t even tackle,\u201d Tchouam\u00e9ni reacts as suspension hits Real Madrid hard"},"content":{"rendered":"<p>Aur\u00e9lien Tchouam\u00e9ni has voiced clear frustration after a controversial yellow card ruled him out of the second leg of the UEFA Champions League quarter-final. The Real Madrid midfielder will now miss a crucial clash against Bayern Munich.<\/p>\n<p>Speaking after the match, Tchouam\u00e9ni questioned the referee\u2019s decision. \u201cMy yellow card? I don\u2019t know, I was only running, I didn\u2019t even make any tackle,\u201d he said. The French international added that he believes the referee may have been influenced by the number of fouls earlier in the game. \u201cI think he wanted to give a yellow, but I don\u2019t really understand it,\u201d he added.<\/p>\n<p>The suspension comes at a critical moment for Madrid. The Spanish side is already trailing 2-1 on aggregate. Losing Tchouam\u00e9ni for the return leg adds further pressure on Carlo Ancelotti\u2019s squad.<\/p>\n<p>Tchouam\u00e9ni has played a key role this season. His presence in midfield has provided balance and defensive cover. Without him, Madrid could struggle to contain Bayern\u2019s attacking threat. The responsibility will now fall on players like Eduardo Camavinga and Toni Kroos to step up.<\/p>\n<p>Bayern Munich will enter the second leg with confidence and a slight advantage. Madrid, however, must respond under pressure and find a way to overturn the deficit.<\/p>\n","protected":false},"excerpt":{"rendered":"<p>Aur\u00e9lien Tchouam\u00e9ni has voiced clear frustration after a controversial yellow card ruled him out of the second leg of the\u2026<\/p>\n","protected":false},"author":202,"featured_media":47771,"comment_status":"open","ping_status":"open","sticky":false,"template":"","format":"standard","meta":{"footnotes":""},"categories":[4652],"tags":[3336,221,3686,1823,3796,2109,266,5145,4231,3794,48,5083],"class_list":["post-47770","post","type-post","status-publish","format-standard","has-post-thumbnail","hentry","category-champions-league","tag-aurelien-tchouameni","tag-bayern-munich","tag-david-ornstein","tag-fabrizio-romano","tag-football","tag-madrid","tag-real-madrid","tag-tackle","tag-tchouameni","tag-ucl-quarter-finals","tag-uefa-champions-league","tag-yellow-card"],"reading_time":"2 min read","_links":{"self":[{"href":"https:\/\/www.businessupturn.com\/sports\/wp-json\/wp\/v2\/posts\/47770","targetHints":{"allow":["GET"]}}],"collection":[{"href":"https:\/\/www.businessupturn.com\/sports\/wp-json\/wp\/v2\/posts"}],"about":[{"href":"https:\/\/www.businessupturn.com\/sports\/wp-json\/wp\/v2\/types\/post"}],"author":[{"embeddable":true,"href":"https:\/\/www.businessupturn.com\/sports\/wp-json\/wp\/v2\/users\/202"}],"replies":[{"embeddable":true,"href":"https:\/\/www.businessupturn.com\/sports\/wp-json\/wp\/v2\/comments?post=47770"}],"version-history":[{"count":2,"href":"https:\/\/www.businessupturn.com\/sports\/wp-json\/wp\/v2\/posts\/47770\/revisions"}],"predecessor-version":[{"id":47774,"href":"https:\/\/www.businessupturn.com\/sports\/wp-json\/wp\/v2\/posts\/47770\/revisions\/47774"}],"wp:featuredmedia":[{"embeddable":true,"href":"https:\/\/www.businessupturn.com\/sports\/wp-json\/wp\/v2\/media\/47771"}],"wp:attachment":[{"href":"https:\/\/www.businessupturn.com\/sports\/wp-json\/wp\/v2\/media?parent=47770"}],"wp:term":[{"taxonomy":"category","embeddable":true,"href":"https:\/\/www.businessupturn.com\/sports\/wp-json\/wp\/v2\/categories?post=47770"},{"taxonomy":"post_tag","embeddable":true,"href":"https:\/\/www.businessupturn.com\/sports\/wp-json\/wp\/v2\/tags?post=47770"}],"curies":[{"name":"wp","href":"https:\/\/api.w.org\/{rel}","templated":true}]}}