{"id":16768,"date":"2025-12-22T18:48:32","date_gmt":"2025-12-22T13:18:32","guid":{"rendered":"https:\/\/www.businessupturn.com\/sports\/?p=674023"},"modified":"2025-12-22T18:48:32","modified_gmt":"2025-12-22T13:18:32","slug":"he-fought-a-lot-will-improve-amorim-backs-benjamin-sesko-following-villas-defeat","status":"publish","type":"post","link":"https:\/\/www.businessupturn.com\/sports\/football\/he-fought-a-lot-will-improve-amorim-backs-benjamin-sesko-following-villas-defeat\/","title":{"rendered":"\u201cHe fought a lot, will improve,\u201d Amorim backs Benjamin \u0160e\u0161ko following Villa\u2019s defeat"},"content":{"rendered":"<p>Manchester United head coach R\u00faben Amorim has publicly backed Benjamin \u0160e\u0161ko, expressing strong confidence in the striker\u2019s ability to make a major impact at Old Trafford following his swift return to action.<\/p>\n<p>Speaking after United\u2019s latest fixture, Amorim praised \u0160e\u0161ko\u2019s physical response and mentality, highlighting how quickly the forward has adapted under careful management. \u201cBenjamin \u0160e\u0161ko is going to improve a lot. He\u2019s returned very fast,\u201d Amorim said, underlining the club\u2019s satisfaction with the striker\u2019s recovery and growing match fitness.<\/p>\n<p>The Portuguese coach, who has been in charge of Manchester United since November last year, also revealed that the coaching staff are taking a measured approach with \u0160e\u0161ko\u2019s minutes. \u201cThe idea was 70, maybe 75 minutes. We are trying to control everything,\u201d Amorim explained, stressing the importance of long-term planning rather than rushing the player back into full match intensity.<\/p>\n<p>Despite the controlled minutes, Amorim was encouraged by what he saw on the pitch. \u0160e\u0161ko showcased his physical presence, work rate, and willingness to battle with defenders, attributes that fit seamlessly into Amorim\u2019s high-intensity system. \u201cHe did well, he fought a lot and he is going to do well,\u201d the United boss added.<\/p>\n","protected":false},"excerpt":{"rendered":"<p>Manchester United head coach R\u00faben Amorim has publicly backed Benjamin \u0160e\u0161ko, expressing strong confidence in the striker\u2019s ability to make\u2026<\/p>\n","protected":false},"author":202,"featured_media":37576,"comment_status":"closed","ping_status":"closed","sticky":false,"template":"","format":"standard","meta":{"footnotes":""},"categories":[5],"tags":[4181,1288,3835,3686,3918,1823,4048,3796,249,3793,3836],"class_list":["post-16768","post","type-post","status-publish","format-standard","has-post-thumbnail","hentry","category-football","tag-amorim","tag-aston-villa","tag-benjamin-sesko","tag-david-ornstein","tag-english-premier-league","tag-fabrizio-romano","tag-foo","tag-football","tag-manchester-united","tag-ruben-amorim","tag-sesko"],"reading_time":"2 min read","_links":{"self":[{"href":"https:\/\/www.businessupturn.com\/sports\/wp-json\/wp\/v2\/posts\/16768","targetHints":{"allow":["GET"]}}],"collection":[{"href":"https:\/\/www.businessupturn.com\/sports\/wp-json\/wp\/v2\/posts"}],"about":[{"href":"https:\/\/www.businessupturn.com\/sports\/wp-json\/wp\/v2\/types\/post"}],"author":[{"embeddable":true,"href":"https:\/\/www.businessupturn.com\/sports\/wp-json\/wp\/v2\/users\/202"}],"replies":[{"embeddable":true,"href":"https:\/\/www.businessupturn.com\/sports\/wp-json\/wp\/v2\/comments?post=16768"}],"version-history":[{"count":0,"href":"https:\/\/www.businessupturn.com\/sports\/wp-json\/wp\/v2\/posts\/16768\/revisions"}],"wp:featuredmedia":[{"embeddable":true,"href":"https:\/\/www.businessupturn.com\/sports\/wp-json\/wp\/v2\/media\/37576"}],"wp:attachment":[{"href":"https:\/\/www.businessupturn.com\/sports\/wp-json\/wp\/v2\/media?parent=16768"}],"wp:term":[{"taxonomy":"category","embeddable":true,"href":"https:\/\/www.businessupturn.com\/sports\/wp-json\/wp\/v2\/categories?post=16768"},{"taxonomy":"post_tag","embeddable":true,"href":"https:\/\/www.businessupturn.com\/sports\/wp-json\/wp\/v2\/tags?post=16768"}],"curies":[{"name":"wp","href":"https:\/\/api.w.org\/{rel}","templated":true}]}}