{"id":16767,"date":"2025-12-22T18:38:37","date_gmt":"2025-12-22T13:08:37","guid":{"rendered":"https:\/\/www.businessupturn.com\/sports\/?p=674019"},"modified":"2025-12-22T18:38:37","modified_gmt":"2025-12-22T13:08:37","slug":"ivan-perisic-proves-his-class-once-again-with-psv","status":"publish","type":"post","link":"https:\/\/www.businessupturn.com\/sports\/football\/ivan-perisic-proves-his-class-once-again-with-psv\/","title":{"rendered":"Ivan Peri\u0161i\u0107 proves his class once again with PSV"},"content":{"rendered":"<p>Ivan Peri\u0161i\u0107 continues to prove that class is permanent. At 36 years of age, the experienced Croatian winger is enjoying a remarkable resurgence, playing a pivotal role for PSV Eindhoven both domestically and on the international stage.<\/p>\n<p>Peri\u0161i\u0107 has registered eight goal contributions in his last eight matches for club and country, underlining his importance in the final third. Overall, he has already amassed 15 goals and assists this season, an impressive return for a player many had written off following a serious setback two years ago.<\/p>\n<p>The veteran forward suffered a devastating ACL injury that threatened to derail the latter stages of his career. However, Peri\u0161i\u0107\u2019s professionalism, work ethic, and winning mentality have powered his comeback. Not only has he returned to full fitness, but he has also re-established himself as a leader and match-winner, inspiring those around him with his relentless energy and experience.<\/p>\n<p>His influence has been particularly evident in PSV Eindhoven\u2019s excellent away form. The Dutch giants are currently on a 14-game unbeaten run away from home, a streak that highlights their consistency and mental strength.<\/p>\n","protected":false},"excerpt":{"rendered":"<p>Ivan Peri\u0161i\u0107 continues to prove that class is permanent. At 36 years of age, the experienced Croatian winger is enjoying\u2026<\/p>\n","protected":false},"author":202,"featured_media":37575,"comment_status":"closed","ping_status":"closed","sticky":false,"template":"","format":"standard","meta":{"footnotes":""},"categories":[5],"tags":[4416,3686,4415,1823,3796,1779,4414,2351,2353],"class_list":["post-16767","post","type-post","status-publish","format-standard","has-post-thumbnail","hentry","category-football","tag-age","tag-david-ornstein","tag-fa-rising-in","tag-fabrizio-romano","tag-football","tag-ivan-perisic","tag-perisic","tag-psv","tag-psv-eindhoven"],"reading_time":"1 min read","_links":{"self":[{"href":"https:\/\/www.businessupturn.com\/sports\/wp-json\/wp\/v2\/posts\/16767","targetHints":{"allow":["GET"]}}],"collection":[{"href":"https:\/\/www.businessupturn.com\/sports\/wp-json\/wp\/v2\/posts"}],"about":[{"href":"https:\/\/www.businessupturn.com\/sports\/wp-json\/wp\/v2\/types\/post"}],"author":[{"embeddable":true,"href":"https:\/\/www.businessupturn.com\/sports\/wp-json\/wp\/v2\/users\/202"}],"replies":[{"embeddable":true,"href":"https:\/\/www.businessupturn.com\/sports\/wp-json\/wp\/v2\/comments?post=16767"}],"version-history":[{"count":0,"href":"https:\/\/www.businessupturn.com\/sports\/wp-json\/wp\/v2\/posts\/16767\/revisions"}],"wp:featuredmedia":[{"embeddable":true,"href":"https:\/\/www.businessupturn.com\/sports\/wp-json\/wp\/v2\/media\/37575"}],"wp:attachment":[{"href":"https:\/\/www.businessupturn.com\/sports\/wp-json\/wp\/v2\/media?parent=16767"}],"wp:term":[{"taxonomy":"category","embeddable":true,"href":"https:\/\/www.businessupturn.com\/sports\/wp-json\/wp\/v2\/categories?post=16767"},{"taxonomy":"post_tag","embeddable":true,"href":"https:\/\/www.businessupturn.com\/sports\/wp-json\/wp\/v2\/tags?post=16767"}],"curies":[{"name":"wp","href":"https:\/\/api.w.org\/{rel}","templated":true}]}}