{"id":15644,"date":"2025-07-01T08:46:40","date_gmt":"2025-07-01T03:16:40","guid":{"rendered":"https:\/\/www.businessupturn.com\/sports\/?p=611463"},"modified":"2025-07-01T08:46:40","modified_gmt":"2025-07-01T03:16:40","slug":"jhon-duran-will-sign-for-fenerbahce-on-a-season-long-loan-deal","status":"publish","type":"post","link":"https:\/\/www.businessupturn.com\/sports\/football\/jhon-duran-will-sign-for-fenerbahce-on-a-season-long-loan-deal\/","title":{"rendered":"Jhon Dur\u00e1n will sign for Fenerbah\u00e7e on a season-long loan deal"},"content":{"rendered":"<p>Fenerbah\u00e7e have agreed a deal to sign Jhon Dur\u00e1n from Al Nassr on loan until June 2026. The season long loan will end next year and till then, the player\u2019s salary will be convered by Fenerbah\u00e7e. The forward is expected to return to Istanbul in the next few hours to sign the final documents.<\/p>\n<p>Fenerbah\u00e7e have reached an agreement with Al Nassr to sign Colombian striker Jhon Dur\u00e1n on a season-long loan until June 2026. The Turkish giants will cover the entirety of the player\u2019s salary during the loan spell.<\/p>\n<p>The 20-year-old forward is expected to return to Istanbul in the next few hours to finalize the move and sign the necessary documents. Dur\u00e1n, who joined Al Nassr earlier this year, will be looking to reignite his form in the Turkish Super Lig and strengthen Fenerbah\u00e7e\u2019s attacking options for the upcoming season.<\/p>\n<p>The loan move marks a significant addition to Fenerbah\u00e7e\u2019s summer transfer window as they aim to compete strongly in both domestic and European competitions.<\/p>\n","protected":false},"excerpt":{"rendered":"<p>Fenerbah\u00e7e have agreed a deal to sign Jhon Dur\u00e1n from Al Nassr on loan until June 2026. <\/p>\n","protected":false},"author":202,"featured_media":36761,"comment_status":"closed","ping_status":"closed","sticky":false,"template":"","format":"standard","meta":{"footnotes":""},"categories":[5],"tags":[3434,1288,4020,3686,1823,3718,3796,3991],"class_list":["post-15644","post","type-post","status-publish","format-standard","has-post-thumbnail","hentry","category-football","tag-al-nassr","tag-aston-villa","tag-christian-falk","tag-david-ornstein","tag-fabrizio-romano","tag-fenerbahce","tag-football","tag-summer-transfer-window"],"reading_time":"1 min read","_links":{"self":[{"href":"https:\/\/www.businessupturn.com\/sports\/wp-json\/wp\/v2\/posts\/15644","targetHints":{"allow":["GET"]}}],"collection":[{"href":"https:\/\/www.businessupturn.com\/sports\/wp-json\/wp\/v2\/posts"}],"about":[{"href":"https:\/\/www.businessupturn.com\/sports\/wp-json\/wp\/v2\/types\/post"}],"author":[{"embeddable":true,"href":"https:\/\/www.businessupturn.com\/sports\/wp-json\/wp\/v2\/users\/202"}],"replies":[{"embeddable":true,"href":"https:\/\/www.businessupturn.com\/sports\/wp-json\/wp\/v2\/comments?post=15644"}],"version-history":[{"count":0,"href":"https:\/\/www.businessupturn.com\/sports\/wp-json\/wp\/v2\/posts\/15644\/revisions"}],"wp:featuredmedia":[{"embeddable":true,"href":"https:\/\/www.businessupturn.com\/sports\/wp-json\/wp\/v2\/media\/36761"}],"wp:attachment":[{"href":"https:\/\/www.businessupturn.com\/sports\/wp-json\/wp\/v2\/media?parent=15644"}],"wp:term":[{"taxonomy":"category","embeddable":true,"href":"https:\/\/www.businessupturn.com\/sports\/wp-json\/wp\/v2\/categories?post=15644"},{"taxonomy":"post_tag","embeddable":true,"href":"https:\/\/www.businessupturn.com\/sports\/wp-json\/wp\/v2\/tags?post=15644"}],"curies":[{"name":"wp","href":"https:\/\/api.w.org\/{rel}","templated":true}]}}