{"id":14234,"date":"2024-07-26T14:43:46","date_gmt":"2024-07-26T09:13:46","guid":{"rendered":"https:\/\/www.businessupturn.com\/sports\/?p=460284"},"modified":"2024-07-26T14:43:46","modified_gmt":"2024-07-26T09:13:46","slug":"matias-soule-joins-as-roma-until-june-2029","status":"publish","type":"post","link":"https:\/\/www.businessupturn.com\/sports\/football\/matias-soule-joins-as-roma-until-june-2029\/","title":{"rendered":"Mat\u00edas Soul\u00e9 joins AS Roma until June 2029"},"content":{"rendered":"<p>Today marks a significant step in Mat\u00edas Soul\u00e9\u2019s transfer to AS Roma. While an official statement is yet to be released, it is a crucial day for finalizing the deal after a verbal agreement was disclosed on Wednesday, confirms journalist Fabrizio Romano<\/p>\n<blockquote class=\"twitter-tweet\" data-width=\"550\" data-dnt=\"true\">\n<p lang=\"en\" dir=\"ltr\">\ud83d\udfe1\ud83d\udd34\ud83c\udde6\ud83c\uddf7 Today is the day for Matias Soul\u00e9 to AS Roma.<\/p>\n<p>Not time for official statement yet but key day to complete the deal after verbal agreement revealed on Wednesday. \u2935\ufe0f <a href=\"https:\/\/t.co\/sIWwutLaZL\">https:\/\/t.co\/sIWwutLaZL<\/a><\/p>\n<p>\u2014 Fabrizio Romano (@FabrizioRomano) <a href=\"https:\/\/twitter.com\/FabrizioRomano\/status\/1816722921957523856?ref_src=twsrc%5Etfw\">July 26, 2024<\/a><\/p><\/blockquote>\n<p><script async src=\"https:\/\/platform.twitter.com\/widgets.js\" charset=\"utf-8\"><\/script><\/p>\n<p>The 21-year-old Argentine will join AS Roma on a contract lasting until June 2029. According to reports, including those from C\u00e9sar Luis Merlo, Soul\u00e9 will complete his medical with the club before the transfer is confirmed.<\/p>\n<p>The move from Juventus to AS Roma is valued at \u20ac26 million, with an additional \u20ac4 million in performance-related bonuses. Soul\u00e9 is expected to play alongside Paulo Dybala and Leandro Paredes in the upcoming seasons.<\/p>\n","protected":false},"excerpt":{"rendered":"<p>Today marks a significant step in Mat\u00edas Soul\u00e9\u2019s transfer to AS Roma. While an official statement is yet to be\u2026<\/p>\n","protected":false},"author":250,"featured_media":36081,"comment_status":"closed","ping_status":"closed","sticky":false,"template":"","format":"standard","meta":{"footnotes":""},"categories":[5],"tags":[1869,3895],"class_list":["post-14234","post","type-post","status-publish","format-standard","has-post-thumbnail","hentry","category-football","tag-as-roma","tag-matias-soule"],"reading_time":"1 min read","_links":{"self":[{"href":"https:\/\/www.businessupturn.com\/sports\/wp-json\/wp\/v2\/posts\/14234","targetHints":{"allow":["GET"]}}],"collection":[{"href":"https:\/\/www.businessupturn.com\/sports\/wp-json\/wp\/v2\/posts"}],"about":[{"href":"https:\/\/www.businessupturn.com\/sports\/wp-json\/wp\/v2\/types\/post"}],"author":[{"embeddable":true,"href":"https:\/\/www.businessupturn.com\/sports\/wp-json\/wp\/v2\/users\/250"}],"replies":[{"embeddable":true,"href":"https:\/\/www.businessupturn.com\/sports\/wp-json\/wp\/v2\/comments?post=14234"}],"version-history":[{"count":0,"href":"https:\/\/www.businessupturn.com\/sports\/wp-json\/wp\/v2\/posts\/14234\/revisions"}],"wp:featuredmedia":[{"embeddable":true,"href":"https:\/\/www.businessupturn.com\/sports\/wp-json\/wp\/v2\/media\/36081"}],"wp:attachment":[{"href":"https:\/\/www.businessupturn.com\/sports\/wp-json\/wp\/v2\/media?parent=14234"}],"wp:term":[{"taxonomy":"category","embeddable":true,"href":"https:\/\/www.businessupturn.com\/sports\/wp-json\/wp\/v2\/categories?post=14234"},{"taxonomy":"post_tag","embeddable":true,"href":"https:\/\/www.businessupturn.com\/sports\/wp-json\/wp\/v2\/tags?post=14234"}],"curies":[{"name":"wp","href":"https:\/\/api.w.org\/{rel}","templated":true}]}}