{"id":12349,"date":"2023-04-05T16:13:36","date_gmt":"2023-04-05T10:43:36","guid":{"rendered":"https:\/\/www.businessupturn.com\/sports\/?p=296169"},"modified":"2023-04-05T16:13:36","modified_gmt":"2023-04-05T10:43:36","slug":"dfb-poka-following-bayern-munichs-2-1-loss-to-sc-freiburg-salihamidzic-defends-thomas-tuchel","status":"publish","type":"post","link":"https:\/\/www.businessupturn.com\/sports\/football\/dfb-poka-following-bayern-munichs-2-1-loss-to-sc-freiburg-salihamidzic-defends-thomas-tuchel\/","title":{"rendered":"DFB-Poka : Following Bayern Munich\u2019s 2-1 loss to SC Freiburg, Salihamidzic defends Thomas Tuchel"},"content":{"rendered":"<p data-private=\"redact\" data-wt-guid=\"4b4bec2d-a3de-47f2-ad24-ec535aaa847f\" data-pm-slice=\"1 1 []\">Following Bayern Munich\u2019s 2-1 loss to Freiburg on Tuesday, which knocked them out of the DFB-Pokal, director of sport Hasan Salihamidzic defended <span class=\"issue-underline underline text-gray-darkest font-body decoration-2 underline-offset-4 transition decoration-primary-light hover:bg-primary-lightest\" data-issueid=\"5607d966-4b07-4dc3-a066-a91a8c316634\" data-testid=\"issue-underline:German\">new<\/span> coach Thomas Tuchel.<\/p>\n<p data-private=\"redact\" data-wt-guid=\"20841557-24d1-4358-9f93-4940b79c99e9\">Salihamidzic insisted after the game that \u201cIt is bitter for <span class=\"issue-underline underline text-gray-darkest font-body decoration-2 underline-offset-4 transition decoration-primary-light hover:bg-primary-lightest\" data-issueid=\"d2e0218c-6b51-4c9e-8f5d-4cfbcaa8327d\" data-testid=\"issue-underline:us all,\">all of us,<\/span> but it has nothing to do with the coach. It\u2019s a process. He makes an excellent impression and <span class=\"issue-underline underline text-gray-darkest font-body decoration-2 underline-offset-4 transition decoration-primary-light hover:bg-primary-lightest\" data-issueid=\"f68e46df-36c2-4b8c-b903-d0afb0167cca\" data-testid=\"issue-underline:does\">is doing<\/span> a fantastic job. Today was bitter for <span class=\"issue-underline underline text-gray-darkest font-body decoration-2 underline-offset-4 transition decoration-primary-light hover:bg-primary-lightest\" data-issueid=\"7e020733-e789-4c62-a238-0d071a23e489\" data-testid=\"issue-underline:us all,\">all of us,<\/span> but we will continue on Saturday. On Saturday, Bayern <span class=\"issue-underline underline text-gray-darkest font-body decoration-2 underline-offset-4 transition decoration-error-light hover:bg-error-lightest\" data-issueid=\"e16c078d-080d-4bb7-bd8f-c2cde14b87fb\" data-testid=\"issue-underline:travel\">travels<\/span> to Freiburg to face Christian Streich\u2019s men for the second time this week.\u201d<\/p>\n<blockquote class=\"twitter-tweet\" data-width=\"550\" data-dnt=\"true\">\n<p lang=\"de\" dir=\"ltr\">\ud83d\udde3\ufe0f Hasan <a href=\"https:\/\/twitter.com\/hashtag\/Salihamidzic?src=hash&ref_src=twsrc%5Etfw\">#Salihamidzic<\/a>: \u201eWir sind sehr entt\u00e4uscht wegen des spielverlaufs. Es h\u00e4tte anders ausgehen m\u00fcssen. Das ist schon sehr bitter. Es hat mit dem Trainer nichts zu tun.\u201c <a href=\"https:\/\/twitter.com\/hashtag\/fcbayern?src=hash&ref_src=twsrc%5Etfw\">#fcbayern<\/a><\/p>\n<p>\u2014 Georg Holzner (@georg_holzner) <a href=\"https:\/\/twitter.com\/georg_holzner\/status\/1643373723284545538?ref_src=twsrc%5Etfw\">April 4, 2023<\/a><\/p><\/blockquote>\n<p><script async src=\"https:\/\/platform.twitter.com\/widgets.js\" charset=\"utf-8\"><\/script><\/p>\n<p data-private=\"redact\" data-wt-guid=\"4dbb020e-8f1f-435b-a2b3-3014f9ebe640\">Bayern Munich lost to Freiburg in Thomas Tuchel\u2019s second match in charge, ending their cup campaign in the quarter-final. Bayern took the lead inside 20 minutes but conceded twice in Tuchel\u2019s first loss. Nicolas Hofler levelled things midway through the second half before Lucas Holer\u2019s 95th-minute penalty saw Freiburg win at the Allianz Arena. Tuchel replaced Julian Nagelsmann less than two weeks ago. After leading Bayern to a 4-2 win over Borussia Dortmund in his first game in charge, he couldn\u2019t prevent his team from being knocked out of the DFB-Pokal by Freiburg last night.<\/p>\n","protected":false},"excerpt":{"rendered":"<p>Bayern travels to Freiburg to face Christian Streich\u2019s side again on Saturday. <\/p>\n","protected":false},"author":316,"featured_media":34725,"comment_status":"closed","ping_status":"closed","sticky":false,"template":"","format":"standard","meta":{"footnotes":""},"categories":[5],"tags":[221,1834,453],"class_list":["post-12349","post","type-post","status-publish","format-standard","has-post-thumbnail","hentry","category-football","tag-bayern-munich","tag-dfb-pokal","tag-thomas-tuchel"],"reading_time":"1 min read","_links":{"self":[{"href":"https:\/\/www.businessupturn.com\/sports\/wp-json\/wp\/v2\/posts\/12349","targetHints":{"allow":["GET"]}}],"collection":[{"href":"https:\/\/www.businessupturn.com\/sports\/wp-json\/wp\/v2\/posts"}],"about":[{"href":"https:\/\/www.businessupturn.com\/sports\/wp-json\/wp\/v2\/types\/post"}],"author":[{"embeddable":true,"href":"https:\/\/www.businessupturn.com\/sports\/wp-json\/wp\/v2\/users\/316"}],"replies":[{"embeddable":true,"href":"https:\/\/www.businessupturn.com\/sports\/wp-json\/wp\/v2\/comments?post=12349"}],"version-history":[{"count":0,"href":"https:\/\/www.businessupturn.com\/sports\/wp-json\/wp\/v2\/posts\/12349\/revisions"}],"wp:featuredmedia":[{"embeddable":true,"href":"https:\/\/www.businessupturn.com\/sports\/wp-json\/wp\/v2\/media\/34725"}],"wp:attachment":[{"href":"https:\/\/www.businessupturn.com\/sports\/wp-json\/wp\/v2\/media?parent=12349"}],"wp:term":[{"taxonomy":"category","embeddable":true,"href":"https:\/\/www.businessupturn.com\/sports\/wp-json\/wp\/v2\/categories?post=12349"},{"taxonomy":"post_tag","embeddable":true,"href":"https:\/\/www.businessupturn.com\/sports\/wp-json\/wp\/v2\/tags?post=12349"}],"curies":[{"name":"wp","href":"https:\/\/api.w.org\/{rel}","templated":true}]}}